{"id":10521,"date":"2022-06-02T11:56:05","date_gmt":"2022-06-02T09:56:05","guid":{"rendered":"https:\/\/www.icasantiago.org\/?p=10521\/"},"modified":"2022-06-02T11:56:05","modified_gmt":"2022-06-02T09:56:05","slug":"circular-informativa-112022","status":"publish","type":"post","link":"https:\/\/www.icasantiago.org\/es\/circular-informativa-112022\/","title":{"rendered":"Circular informativa 11\/2022"},"content":{"rendered":"<p>Renovaci\u00f3n de la p\u00f3liza del seguro de responsabilidad civil<\/p>\n<ul>\n<li>Anualidad del 01.07.2022 a 30.06.2023<\/li>\n<li>Subvencionada por el Colegio con 100.000 \u20ac por anualidad<\/li>\n<\/ul>\n<p>El pr\u00f3ximo 30.06.2022 a las 24  h vence la p\u00f3liza del seguro de responsabilidad civil que este Colegio de Abogados como  tomador ha contratado con la aseguradora  Allianz a trav\u00e9s de la  corretor\u00eda  Aon para asegurar la responsabilidad civil de nuestros colegiados.<\/p>\n<p>Durante los dos \u00faltimos meses se mantuvieron negociaciones con distintas aseguradoras y, tras estudiar las ofertas presentadas, result\u00f3 m\u00e1s ventajosa en cuanto a coberturas y primas la de  Allianz, al mantenerse las mismas condiciones que en la anualidad anterior sin ning\u00fan tipo de incremento en la prima que le corresponde la cada colegiado\/la. En consecuencia, la Xunta de Gobierno acord\u00f3 la renovaci\u00f3n de la @dito p\u00f3liza con esta aseguradora por mediaci\u00f3n de  Aon<\/p>\n<p><a href=\"https:\/\/www.icasantiago.org\/wp-content\/uploads\/2022\/06\/ci1122.pdf\">Circular informativa 11\/2022<\/a><\/p>\n","protected":false},"excerpt":{"rendered":"<p>&#8230;<\/p>\n","protected":false},"author":1420,"featured_media":5430,"comment_status":"open","ping_status":"open","sticky":false,"template":"","format":"standard","meta":{"_acf_changed":false,"footnotes":""},"categories":[49],"tags":[],"class_list":["post-10521","post","type-post","status-publish","format-standard","has-post-thumbnail","hentry","category-circulares"],"acf":[],"aioseo_notices":[],"_links":{"self":[{"href":"https:\/\/www.icasantiago.org\/es\/wp-json\/wp\/v2\/posts\/10521","targetHints":{"allow":["GET"]}}],"collection":[{"href":"https:\/\/www.icasantiago.org\/es\/wp-json\/wp\/v2\/posts"}],"about":[{"href":"https:\/\/www.icasantiago.org\/es\/wp-json\/wp\/v2\/types\/post"}],"author":[{"embeddable":true,"href":"https:\/\/www.icasantiago.org\/es\/wp-json\/wp\/v2\/users\/1420"}],"replies":[{"embeddable":true,"href":"https:\/\/www.icasantiago.org\/es\/wp-json\/wp\/v2\/comments?post=10521"}],"version-history":[{"count":1,"href":"https:\/\/www.icasantiago.org\/es\/wp-json\/wp\/v2\/posts\/10521\/revisions"}],"predecessor-version":[{"id":10522,"href":"https:\/\/www.icasantiago.org\/es\/wp-json\/wp\/v2\/posts\/10521\/revisions\/10522"}],"wp:featuredmedia":[{"embeddable":true,"href":"https:\/\/www.icasantiago.org\/es\/wp-json\/wp\/v2\/media\/5430"}],"wp:attachment":[{"href":"https:\/\/www.icasantiago.org\/es\/wp-json\/wp\/v2\/media?parent=10521"}],"wp:term":[{"taxonomy":"category","embeddable":true,"href":"https:\/\/www.icasantiago.org\/es\/wp-json\/wp\/v2\/categories?post=10521"},{"taxonomy":"post_tag","embeddable":true,"href":"https:\/\/www.icasantiago.org\/es\/wp-json\/wp\/v2\/tags?post=10521"}],"curies":[{"name":"wp","href":"https:\/\/api.w.org\/{rel}","templated":true}]}}