{"id":5695,"date":"2015-03-13T20:54:01","date_gmt":"2015-03-13T19:54:01","guid":{"rendered":"https:\/\/www.icasantiago.org\/?p=5695"},"modified":"2018-04-16T11:39:55","modified_gmt":"2018-04-16T09:39:55","slug":"conferencia-montero-rios-y-el-derecho","status":"publish","type":"post","link":"https:\/\/www.icasantiago.org\/es\/conferencia-montero-rios-y-el-derecho\/","title":{"rendered":"Conferencia: Montero R\u00edos y el derecho"},"content":{"rendered":"<p>En el marco de los actos de homenaje al centenario de don Eugenio Montero R\u00edos (1832-1914), en los que participan el Concello de Santiago de Compostela, la C\u00e1mara de Comercio, el Ateneo de Santiago, la USC, la Real Sociedad Econ\u00f3mica de Amigos del Pa\u00eds de Santiago y este Colegio de Abogados, se impartir\u00e1 la conferencia titulada \u201cMontero R\u00edos e o dereito\u201d a cargo de don Modesto Barcia Lago (abogado, ex-decano del ICA de Pontevedra y escritor).<\/p>\n<ul>\n<li>D\u00eda: 19.02.2015<\/li>\n<li>Hora: 20.00 h<\/li>\n<li>Lugar: sal\u00f3n de actos del ICA de Santiago<\/li>\n<li>Entrada: libre<\/li>\n<\/ul>\n","protected":false},"excerpt":{"rendered":"<p>&#8230;<\/p>\n","protected":false},"author":1,"featured_media":5410,"comment_status":"open","ping_status":"open","sticky":false,"template":"","format":"standard","meta":{"_acf_changed":false,"footnotes":""},"categories":[48],"tags":[],"class_list":["post-5695","post","type-post","status-publish","format-standard","has-post-thumbnail","hentry","category-notas-informativas-es"],"acf":[],"aioseo_notices":[],"_links":{"self":[{"href":"https:\/\/www.icasantiago.org\/es\/wp-json\/wp\/v2\/posts\/5695","targetHints":{"allow":["GET"]}}],"collection":[{"href":"https:\/\/www.icasantiago.org\/es\/wp-json\/wp\/v2\/posts"}],"about":[{"href":"https:\/\/www.icasantiago.org\/es\/wp-json\/wp\/v2\/types\/post"}],"author":[{"embeddable":true,"href":"https:\/\/www.icasantiago.org\/es\/wp-json\/wp\/v2\/users\/1"}],"replies":[{"embeddable":true,"href":"https:\/\/www.icasantiago.org\/es\/wp-json\/wp\/v2\/comments?post=5695"}],"version-history":[{"count":1,"href":"https:\/\/www.icasantiago.org\/es\/wp-json\/wp\/v2\/posts\/5695\/revisions"}],"predecessor-version":[{"id":5696,"href":"https:\/\/www.icasantiago.org\/es\/wp-json\/wp\/v2\/posts\/5695\/revisions\/5696"}],"wp:featuredmedia":[{"embeddable":true,"href":"https:\/\/www.icasantiago.org\/es\/wp-json\/wp\/v2\/media\/5410"}],"wp:attachment":[{"href":"https:\/\/www.icasantiago.org\/es\/wp-json\/wp\/v2\/media?parent=5695"}],"wp:term":[{"taxonomy":"category","embeddable":true,"href":"https:\/\/www.icasantiago.org\/es\/wp-json\/wp\/v2\/categories?post=5695"},{"taxonomy":"post_tag","embeddable":true,"href":"https:\/\/www.icasantiago.org\/es\/wp-json\/wp\/v2\/tags?post=5695"}],"curies":[{"name":"wp","href":"https:\/\/api.w.org\/{rel}","templated":true}]}}