{"id":6546,"date":"2016-06-21T11:13:00","date_gmt":"2016-06-21T09:13:00","guid":{"rendered":"https:\/\/www.icasantiago.org\/?p=6546"},"modified":"2018-04-16T11:39:05","modified_gmt":"2018-04-16T09:39:05","slug":"jornada-la-responsabilidad-penal-de-la-empresa-la-figura-del-compliance-officer","status":"publish","type":"post","link":"https:\/\/www.icasantiago.org\/es\/jornada-la-responsabilidad-penal-de-la-empresa-la-figura-del-compliance-officer\/","title":{"rendered":"Jornada: \u201cLa responsabilidad penal de la empresa. La figura del compliance officer\u201d"},"content":{"rendered":"<p>El Colegio de Abogados ofrecer\u00e1 esta jornada, que se transmite telem\u00e1ticamente desde la sede del Consejo General de la Abogac\u00eda Espa\u00f1ola (CGAE)<\/p>\n<ul>\n<li><strong>D\u00eda<\/strong>: 22 de junio<\/li>\n<li><strong>Lugar<\/strong>: sal\u00f3n de actos del ICA de Santiago<\/li>\n<li><strong>Horario<\/strong>: de 9.00 a 13.00 h<\/li>\n<li><strong>Entrada<\/strong>: libre (sen inscripci\u00f3n previa)<\/li>\n<li><strong>Programa:<\/strong>\n<ul>\n<li><strong>9.15 \u2013 10.15 h:<\/strong> \u201cRegulaci\u00f3n jur\u00eddica de la responsabilidad penal de las empresas. Prevenci\u00f3n de riesgos penales\u201d\n<ul>\n<li>Relatora: Helena Prieto, abogada de Garriges Abogados, fiscal en excedencia<\/li>\n<\/ul>\n<\/li>\n<li><strong>10.15 \u2013 11.15 h:<\/strong> \u201cLa figura del compliance officer. Implantaci\u00f3n del modelo de prevenci\u00f3n\u201d\n<ul>\n<li>Relator: Bernardo del Rosal, abogado y catedr\u00e1tico de Derecho Penal<\/li>\n<\/ul>\n<\/li>\n<li><strong>11.30 \u2013 12.30 h:<\/strong> \u201cMedidas de prevenci\u00f3n y seguridad tecnol\u00f3gica\u201d\n<ul>\n<li>Relator: Francisco P\u00e9rez Bes, abogado, secretario general del Instituto Nacional de Ciberseguridad de Espa\u00f1a (INCIBE)<\/li>\n<\/ul>\n<\/li>\n<\/ul>\n<\/li>\n<\/ul>\n","protected":false},"excerpt":{"rendered":"<p>&#8230;<\/p>\n","protected":false},"author":1420,"featured_media":0,"comment_status":"open","ping_status":"open","sticky":false,"template":"","format":"standard","meta":{"_acf_changed":false,"footnotes":""},"categories":[48],"tags":[],"class_list":["post-6546","post","type-post","status-publish","format-standard","hentry","category-notas-informativas-es"],"acf":[],"aioseo_notices":[],"_links":{"self":[{"href":"https:\/\/www.icasantiago.org\/es\/wp-json\/wp\/v2\/posts\/6546","targetHints":{"allow":["GET"]}}],"collection":[{"href":"https:\/\/www.icasantiago.org\/es\/wp-json\/wp\/v2\/posts"}],"about":[{"href":"https:\/\/www.icasantiago.org\/es\/wp-json\/wp\/v2\/types\/post"}],"author":[{"embeddable":true,"href":"https:\/\/www.icasantiago.org\/es\/wp-json\/wp\/v2\/users\/1420"}],"replies":[{"embeddable":true,"href":"https:\/\/www.icasantiago.org\/es\/wp-json\/wp\/v2\/comments?post=6546"}],"version-history":[{"count":1,"href":"https:\/\/www.icasantiago.org\/es\/wp-json\/wp\/v2\/posts\/6546\/revisions"}],"predecessor-version":[{"id":6547,"href":"https:\/\/www.icasantiago.org\/es\/wp-json\/wp\/v2\/posts\/6546\/revisions\/6547"}],"wp:attachment":[{"href":"https:\/\/www.icasantiago.org\/es\/wp-json\/wp\/v2\/media?parent=6546"}],"wp:term":[{"taxonomy":"category","embeddable":true,"href":"https:\/\/www.icasantiago.org\/es\/wp-json\/wp\/v2\/categories?post=6546"},{"taxonomy":"post_tag","embeddable":true,"href":"https:\/\/www.icasantiago.org\/es\/wp-json\/wp\/v2\/tags?post=6546"}],"curies":[{"name":"wp","href":"https:\/\/api.w.org\/{rel}","templated":true}]}}