{"id":9163,"date":"2020-01-10T13:47:24","date_gmt":"2020-01-10T12:47:24","guid":{"rendered":"https:\/\/www.icasantiago.org\/convocatoria-xunta-xeral-1a-2020\/"},"modified":"2020-01-10T13:50:59","modified_gmt":"2020-01-10T12:50:59","slug":"convocatoria-xunta-xeral-1a-2020","status":"publish","type":"post","link":"https:\/\/www.icasantiago.org\/es\/convocatoria-xunta-xeral-1a-2020\/","title":{"rendered":"Convocatoria Junta General 1\u00aa\/2020"},"content":{"rendered":"<div class=\"wpb_row vc_row-fluid\">\n\t<div class=\"vc_span12 wpb_column column_container\">\n\t\t<div class=\"wpb_wrapper\">\n\t\t\t<\/p>\n<p style=\"text-align: right;\"><span style=\"color: #ff0000;\">Registro de salida: 0017<\/span><br \/>\n<span style=\"color: #ff0000;\">Fecha: 09.01.2020<\/span><\/p>\n<p>D\u00eda: 29.01.2020<br \/>\nHora: 20.00 h<br \/>\nLugar: sal\u00f3n de actos del ICA de Santiago<\/p>\n<p>De acuerdo con el establecido en los art\u00edculos 88 y 90 del Estatuto del Colegio de la Abogac\u00eda de Santiago de Compostela y en los art\u00edculos 55 y siguientes del Estatuto general de la abogac\u00eda espa\u00f1ola, la Xunta de Gobierno, en la sesi\u00f3n del d\u00eda 07.01.2020, tom\u00f3 el acuerdo de convocar la junta general com\u00fan (primera de 2020) para el pr\u00f3ximo 29 de enero de 2020, a las 20:00\u00a0 h, en el sal\u00f3n de actos de este colegio, #conforme la siguiente:<\/p>\n<p>Orden del d\u00eda:<br \/>\n1. Lectura y aprobaci\u00f3n, si procede, del acta de la \u00faltima junta general.<br \/>\n2. Rese\u00f1as que realizar\u00e1 el decano sobre los acontecimientos m\u00e1s significativos que tuvieron lugar el a\u00f1o anterior en relaci\u00f3n con el colegio.<br \/>\n3. Examen y votaci\u00f3n de la cuenta general de gastos e ingresos del ejercicio anterior.<br \/>\n4. Proposiciones.<br \/>\n5. Ruegos y preguntas.<br \/>\n6. Toma de posesi\u00f3n de sus cargos respectivos, por los miembros de la Junta de Gobierno elegidos, y cese de aquellos a qui\u00e9n corresponda salir.\n\t\t<\/div> \n\t<\/div> \n<\/div>\n","protected":false},"excerpt":{"rendered":"...","protected":false},"author":1420,"featured_media":0,"comment_status":"open","ping_status":"open","sticky":false,"template":"","format":"standard","meta":{"_acf_changed":false,"footnotes":""},"categories":[66],"tags":[],"class_list":["post-9163","post","type-post","status-publish","format-standard","hentry","category-tablon-de-anuncios"],"acf":[],"aioseo_notices":[],"_links":{"self":[{"href":"https:\/\/www.icasantiago.org\/es\/wp-json\/wp\/v2\/posts\/9163","targetHints":{"allow":["GET"]}}],"collection":[{"href":"https:\/\/www.icasantiago.org\/es\/wp-json\/wp\/v2\/posts"}],"about":[{"href":"https:\/\/www.icasantiago.org\/es\/wp-json\/wp\/v2\/types\/post"}],"author":[{"embeddable":true,"href":"https:\/\/www.icasantiago.org\/es\/wp-json\/wp\/v2\/users\/1420"}],"replies":[{"embeddable":true,"href":"https:\/\/www.icasantiago.org\/es\/wp-json\/wp\/v2\/comments?post=9163"}],"version-history":[{"count":2,"href":"https:\/\/www.icasantiago.org\/es\/wp-json\/wp\/v2\/posts\/9163\/revisions"}],"predecessor-version":[{"id":9165,"href":"https:\/\/www.icasantiago.org\/es\/wp-json\/wp\/v2\/posts\/9163\/revisions\/9165"}],"wp:attachment":[{"href":"https:\/\/www.icasantiago.org\/es\/wp-json\/wp\/v2\/media?parent=9163"}],"wp:term":[{"taxonomy":"category","embeddable":true,"href":"https:\/\/www.icasantiago.org\/es\/wp-json\/wp\/v2\/categories?post=9163"},{"taxonomy":"post_tag","embeddable":true,"href":"https:\/\/www.icasantiago.org\/es\/wp-json\/wp\/v2\/tags?post=9163"}],"curies":[{"name":"wp","href":"https:\/\/api.w.org\/{rel}","templated":true}]}}