{"id":9193,"date":"2020-01-31T13:00:46","date_gmt":"2020-01-31T12:00:46","guid":{"rendered":"https:\/\/www.icasantiago.org\/?p=9193\/"},"modified":"2020-01-31T13:00:46","modified_gmt":"2020-01-31T12:00:46","slug":"nota-informativa-encuesta-imelga","status":"publish","type":"post","link":"https:\/\/www.icasantiago.org\/es\/nota-informativa-encuesta-imelga\/","title":{"rendered":"Nota informativa: Encuesta Imelga"},"content":{"rendered":"<p>Estimados compa\u00f1eros y compa\u00f1eras:<\/p>\n<p>La Xunta de Gobierno, en la sesi\u00f3n del pasado 23 de enero, acord\u00f3 llevar a cabo una encuesta entre todos y todas los compa\u00f1eros y compa\u00f1eras que tengan pendiente a emisi\u00f3n de alguno informe en cualquiera de los juzgados adscritos a la circunscripci\u00f3n del Imelga de Santiago de Compostela, con la finalidad de obtener datos objetivos sobre la importante demora que acumulan los equipos psicosociales del Imelga en la emisi\u00f3n de los informes periciales de los asuntos de familia de los juzgados de Santiago de Compostela, Arz\u00faa, Negreira, Ordes y Padr\u00f3n.<\/p>\n<p>Para esto necesitamos de vuestra colaboraci\u00f3n y os agradecer\u00edamos que respondierais a las preguntas formuladas en la siguiente encuesta con el fin de conocer el verdadero alcance y las dimensiones de este retraso.<\/p>\n<p>Accede a la encuesta desde aqu\u00ed: <a href=\"https:\/\/forms.office.com\/Pages\/ResponsePage.aspx?id=65JmbfHyb0CzE0H33SdHKrq7RLlsLa1Ai382CF7G2HJUNEQ5Mk9ITkRUME45MjFTSkhUVEw1OEU4Ti4u\" target=\"_blank\">Encuesta<\/a> (disponible hasta el 29 de febrero)<\/p>\n","protected":false},"excerpt":{"rendered":"<p>&#8230;<\/p>\n","protected":false},"author":1420,"featured_media":0,"comment_status":"open","ping_status":"open","sticky":false,"template":"","format":"standard","meta":{"_acf_changed":false,"footnotes":""},"categories":[66],"tags":[],"class_list":["post-9193","post","type-post","status-publish","format-standard","hentry","category-tablon-de-anuncios"],"acf":[],"aioseo_notices":[],"_links":{"self":[{"href":"https:\/\/www.icasantiago.org\/es\/wp-json\/wp\/v2\/posts\/9193","targetHints":{"allow":["GET"]}}],"collection":[{"href":"https:\/\/www.icasantiago.org\/es\/wp-json\/wp\/v2\/posts"}],"about":[{"href":"https:\/\/www.icasantiago.org\/es\/wp-json\/wp\/v2\/types\/post"}],"author":[{"embeddable":true,"href":"https:\/\/www.icasantiago.org\/es\/wp-json\/wp\/v2\/users\/1420"}],"replies":[{"embeddable":true,"href":"https:\/\/www.icasantiago.org\/es\/wp-json\/wp\/v2\/comments?post=9193"}],"version-history":[{"count":1,"href":"https:\/\/www.icasantiago.org\/es\/wp-json\/wp\/v2\/posts\/9193\/revisions"}],"predecessor-version":[{"id":9194,"href":"https:\/\/www.icasantiago.org\/es\/wp-json\/wp\/v2\/posts\/9193\/revisions\/9194"}],"wp:attachment":[{"href":"https:\/\/www.icasantiago.org\/es\/wp-json\/wp\/v2\/media?parent=9193"}],"wp:term":[{"taxonomy":"category","embeddable":true,"href":"https:\/\/www.icasantiago.org\/es\/wp-json\/wp\/v2\/categories?post=9193"},{"taxonomy":"post_tag","embeddable":true,"href":"https:\/\/www.icasantiago.org\/es\/wp-json\/wp\/v2\/tags?post=9193"}],"curies":[{"name":"wp","href":"https:\/\/api.w.org\/{rel}","templated":true}]}}