{"id":9247,"date":"2020-03-12T19:58:06","date_gmt":"2020-03-12T18:58:06","guid":{"rendered":"https:\/\/www.icasantiago.org\/comunicado-urxente\/"},"modified":"2020-03-12T19:58:06","modified_gmt":"2020-03-12T18:58:06","slug":"comunicado-urxente","status":"publish","type":"post","link":"https:\/\/www.icasantiago.org\/es\/comunicado-urxente\/","title":{"rendered":"Comunicado urxente"},"content":{"rendered":"<p>Ante a excepcional situaci\u00f3n socio-sanitaria que se presenta a consecuencia da propagaci\u00f3n do coronavirus, a Xunta de Goberno do Ilustre Colexio da Avogac\u00eda de Santiago de Compostela vese na necesidade adoptar unha serie de medidas coa intenci\u00f3n de evitar posibles contaxios entre o noso colectivo profesional e a cidadan\u00eda en xeral, todo isto co fin \u00faltimo de garantir a operatividade da nosa actividade colexial e de seguir ofrecendo os servizos prestados tantos aos colexiados como \u00e1 cidadan\u00eda. Polas raz\u00f3ns expostas, ac\u00f3rdanse, con car\u00e1cter temporal, \u00e1s seguintes medidas:<\/p>\n<p style=\"padding-left: 30px;\">1. Susp\u00e9ndese o servizo de pr\u00e9stamo de togas para as actuaci\u00f3ns xudiciais.<br \/>\n2. As salas e dependencias colexiais destinadas a reunirse cos clientes permanecer\u00e1n cerradas.<br \/>\n3. O servizo de orientaci\u00f3n xur\u00eddica e de atenci\u00f3n a solicitantes de xustiza gratu\u00edta queda suspendido de forma presencial, pasando a prestarse de forma telef\u00f3nica. Excepcionalmente, atenderanse de forma presencial aqueles supostos de urxencia que requiran a solicitude de suspensi\u00f3ns de prazos procesuais, sempre tras solicitude de cita previa.<br \/>\n4. A atenci\u00f3n ao colexiado tam\u00e9n se realizar\u00e1 preferiblemente de forma telef\u00f3nica ou telem\u00e1tica, evitando no posible acudir \u00e1 sede colexial presencialmente.<br \/>\n5. Susp\u00e9ndense todos os actos e xornadas colexiais (como xa se avanzou, non se realizar\u00e1 a conferencia do d\u00eda 12 e queda tam\u00e9n suspendida a xornada do d\u00eda 31 sobre Baremo de tr\u00e1fico, as\u00ed como as clases de ingl\u00e9s).<\/p>\n<p>Ademais do anterior, dende o Consello Xeral da Avogac\u00eda Espa\u00f1ola estanse a realizar xesti\u00f3ns e dirixindo diversos escritos ao Consello Xeral do Poder Xudicial e ao Ministerio de Xustiza para que se proceda \u00e1 suspensi\u00f3n das vistas sinaladas para as pr\u00f3ximas semanas (ach\u00e9gase unha copia dos ditos escritos).<\/p>\n<p>De todas as novidades que se vaian producindo, manter\u00e9mosvos informados.<\/p>\n","protected":false},"excerpt":{"rendered":"<p>&#8230;<\/p>\n","protected":false},"author":1420,"featured_media":0,"comment_status":"open","ping_status":"open","sticky":false,"template":"","format":"standard","meta":{"_acf_changed":false,"footnotes":""},"categories":[66],"tags":[],"class_list":["post-9247","post","type-post","status-publish","format-standard","hentry","category-tablon-de-anuncios"],"acf":[],"aioseo_notices":[],"_links":{"self":[{"href":"https:\/\/www.icasantiago.org\/es\/wp-json\/wp\/v2\/posts\/9247","targetHints":{"allow":["GET"]}}],"collection":[{"href":"https:\/\/www.icasantiago.org\/es\/wp-json\/wp\/v2\/posts"}],"about":[{"href":"https:\/\/www.icasantiago.org\/es\/wp-json\/wp\/v2\/types\/post"}],"author":[{"embeddable":true,"href":"https:\/\/www.icasantiago.org\/es\/wp-json\/wp\/v2\/users\/1420"}],"replies":[{"embeddable":true,"href":"https:\/\/www.icasantiago.org\/es\/wp-json\/wp\/v2\/comments?post=9247"}],"version-history":[{"count":0,"href":"https:\/\/www.icasantiago.org\/es\/wp-json\/wp\/v2\/posts\/9247\/revisions"}],"wp:attachment":[{"href":"https:\/\/www.icasantiago.org\/es\/wp-json\/wp\/v2\/media?parent=9247"}],"wp:term":[{"taxonomy":"category","embeddable":true,"href":"https:\/\/www.icasantiago.org\/es\/wp-json\/wp\/v2\/categories?post=9247"},{"taxonomy":"post_tag","embeddable":true,"href":"https:\/\/www.icasantiago.org\/es\/wp-json\/wp\/v2\/tags?post=9247"}],"curies":[{"name":"wp","href":"https:\/\/api.w.org\/{rel}","templated":true}]}}